{"id":74003,"date":"2024-08-15T14:21:09","date_gmt":"2024-08-15T18:21:09","guid":{"rendered":"https:\/\/www.centraide-mtl.org\/?p=74003"},"modified":"2024-08-20T16:45:08","modified_gmt":"2024-08-20T20:45:08","slug":"the-om-alfresco-with-centraide-enlivens-the-neighborhoods","status":"publish","type":"post","link":"https:\/\/www.centraide-mtl.org\/en\/blog\/the-om-alfresco-with-centraide-enlivens-the-neighborhoods\/","title":{"rendered":"\u201cThe OM Alfresco\u201d with Centraide enlivens the neighborhoods"},"content":{"rendered":"\n<p>In celebration of its 50th anniversary, Centraide partnered with the Orchestre M\u00e9tropolitain (OM) to present three concerts from The OM Alfresco series in three Montreal neighborhoods: Saint-L\u00e9onard, Lachine, and Montr\u00e9al-Nord. These events aimed to make classical music accessible to everyone and promote social and cultural inclusion. Unfortunately, the concert scheduled in Lachine had to be canceled due to weather conditions.<\/p>\n\n\n\n<hr class=\"wp-block-separator has-alpha-channel-opacity is-style-dots\"\/>\n\n\n\n<p>Hosted by <strong>Vanessa Destin\u00e9<\/strong> and conducted by <strong>Naomi Woo<\/strong>, these concerts took the audience on a musical journey around the world. The collaboration with Centraide and the community agencies in its network helped reach a new audience, bringing together families and neighbors in a local park for an unforgettable summer evening.<\/p>\n\n\n\n<p>The \u201cAteliers de l&#8217;apprenti spectateur\u201d held before each concert were a great success. 161 children aged 3 to 10, along with their parents, participated in these free workshops organized by the OM\u2019s education team. It seems that parents learned as much as their children about the instruments of the symphony orchestra, the movements of the conductor, and the listening skills that help to better appreciate the concert.<\/p>\n\n\n\n<div style=\"height:50px\" aria-hidden=\"true\" class=\"wp-block-spacer\"><\/div>\n\n\n\n<h3 class=\"wp-block-heading has-text-align-left is-style-little-title\"><strong>Watch this video that captures the highlights of these concerts.<\/strong><\/h3>\n\n\n\n<div style=\"height:18px\" aria-hidden=\"true\" class=\"wp-block-spacer\"><\/div>\n\n\n<section id=\"block_1757374b28ce7129cecdda1706a35bec\" class=\"video__vtx theme-block aligndefault\">\n  <a class=\"video__vtx_link popup-youtube\" href=\"https:\/\/www.youtube.com\/watch?v=4RuJKzmFABk\" target=\"_blank\" rel=\"noopener\">\n    <div class=\"carousel-content__item__video__back\" style=\"background-image:url(https:\/\/www.centraide-mtl.org\/wp-content\/uploads\/2024\/08\/OM-prend-lair-miniature-youtube-EN.png);\">\n    <div class=\"overlay_video\"><\/div>\n      <i class=\"icon icon-play\"><\/i>\n    <\/div>\n  <\/a>\n  <\/section>\n\n\n\n<div style=\"height:90px\" aria-hidden=\"true\" class=\"wp-block-spacer\"><\/div>\n\n\n\n<h3 class=\"wp-block-heading is-style-little-title\"><strong>Concerts in Pictures<\/strong><\/h3>\n\n\n\n<div class=\"wp-block-columns is-layout-flex wp-container-core-columns-is-layout-9d6595d7 wp-block-columns-is-layout-flex\">\n<div class=\"wp-block-column is-layout-flow wp-block-column-is-layout-flow\" style=\"flex-basis:0.2%\"><\/div>\n\n\n\n<div class=\"wp-block-column is-vertically-aligned-center is-layout-flow wp-block-column-is-layout-flow\" style=\"flex-basis:70%\">\n<div style=\"height:31px\" aria-hidden=\"true\" class=\"wp-block-spacer\"><\/div>\n\n\n\n<section id=\"block_0bb0cac7c7100a630011a4660558031a\" class=\"block-carousel-content\">\n      <div class=\"carousel-content__overlay\">\n      <div class=\"carousel-content\">\n        <div class=\"swiper-wrapper\">\n                                                  <div class=\"carousel-content__item swiper-slide\">\n                  \n                    <div class=\"carousel-content__item__img\" style=\"background-image:url(https:\/\/www.centraide-mtl.org\/wp-content\/uploads\/2024\/08\/DG_35195.jpg);\"><\/div>\n                  <\/div>\n                                                              <div class=\"carousel-content__item swiper-slide\">\n                  \n                    <div class=\"carousel-content__item__img\" style=\"background-image:url(https:\/\/www.centraide-mtl.org\/wp-content\/uploads\/2024\/08\/DG_35459.jpg);\"><\/div>\n                  <\/div>\n                                                              <div class=\"carousel-content__item swiper-slide\">\n                  \n                    <div class=\"carousel-content__item__img\" style=\"background-image:url(https:\/\/www.centraide-mtl.org\/wp-content\/uploads\/2024\/08\/DG_35306.jpg);\"><\/div>\n                  <\/div>\n                                                              <div class=\"carousel-content__item swiper-slide\">\n                  \n                    <div class=\"carousel-content__item__img\" style=\"background-image:url(https:\/\/www.centraide-mtl.org\/wp-content\/uploads\/2024\/08\/DG_35214.jpg);\"><\/div>\n                  <\/div>\n                                                              <div class=\"carousel-content__item swiper-slide\">\n                  \n                    <div class=\"carousel-content__item__img\" style=\"background-image:url(https:\/\/www.centraide-mtl.org\/wp-content\/uploads\/2024\/08\/DG_34939.jpg);\"><\/div>\n                  <\/div>\n                                                              <div class=\"carousel-content__item swiper-slide\">\n                  \n                    <div class=\"carousel-content__item__img\" style=\"background-image:url(https:\/\/www.centraide-mtl.org\/wp-content\/uploads\/2024\/08\/DG_34655.jpg);\"><\/div>\n                  <\/div>\n                                                              <div class=\"carousel-content__item swiper-slide\">\n                  \n                    <div class=\"carousel-content__item__img\" style=\"background-image:url(https:\/\/www.centraide-mtl.org\/wp-content\/uploads\/2024\/08\/DG_32813.jpg);\"><\/div>\n                  <\/div>\n                                                              <div class=\"carousel-content__item swiper-slide\">\n                  \n                    <div class=\"carousel-content__item__img\" style=\"background-image:url(https:\/\/www.centraide-mtl.org\/wp-content\/uploads\/2024\/08\/DG_32126.jpg);\"><\/div>\n                  <\/div>\n                                                              <div class=\"carousel-content__item swiper-slide\">\n                  \n                    <div class=\"carousel-content__item__img\" style=\"background-image:url(https:\/\/www.centraide-mtl.org\/wp-content\/uploads\/2024\/08\/DG_31493.jpg);\"><\/div>\n                  <\/div>\n                                                              <div class=\"carousel-content__item swiper-slide\">\n                  \n                    <div class=\"carousel-content__item__img\" style=\"background-image:url(https:\/\/www.centraide-mtl.org\/wp-content\/uploads\/2024\/08\/DG_31417.jpg);\"><\/div>\n                  <\/div>\n                                                              <div class=\"carousel-content__item swiper-slide\">\n                  \n                    <div class=\"carousel-content__item__img\" style=\"background-image:url(https:\/\/www.centraide-mtl.org\/wp-content\/uploads\/2024\/08\/DG_31190.jpg);\"><\/div>\n                  <\/div>\n                                                              <div class=\"carousel-content__item swiper-slide\">\n                  \n                    <div class=\"carousel-content__item__img\" style=\"background-image:url(https:\/\/www.centraide-mtl.org\/wp-content\/uploads\/2024\/08\/2024_Centraide_OM_Mtl-Nord-98.jpg);\"><\/div>\n                  <\/div>\n                                                              <div class=\"carousel-content__item swiper-slide\">\n                  \n                    <div class=\"carousel-content__item__img\" style=\"background-image:url(https:\/\/www.centraide-mtl.org\/wp-content\/uploads\/2024\/08\/2024_Centraide_OM_Mtl-Nord-85.jpg);\"><\/div>\n                  <\/div>\n                                                              <div class=\"carousel-content__item swiper-slide\">\n                  \n                    <div class=\"carousel-content__item__img\" style=\"background-image:url(https:\/\/www.centraide-mtl.org\/wp-content\/uploads\/2024\/08\/2024_Centraide_OM_Mtl-Nord-82.jpg);\"><\/div>\n                  <\/div>\n                                                              <div class=\"carousel-content__item swiper-slide\">\n                  \n                    <div class=\"carousel-content__item__img\" style=\"background-image:url(https:\/\/www.centraide-mtl.org\/wp-content\/uploads\/2024\/08\/2024_Centraide_OM_Mtl-Nord-75.jpg);\"><\/div>\n                  <\/div>\n                                                              <div class=\"carousel-content__item swiper-slide\">\n                  \n                    <div class=\"carousel-content__item__img\" style=\"background-image:url(https:\/\/www.centraide-mtl.org\/wp-content\/uploads\/2024\/08\/2024_Centraide_OM_Mtl-Nord-27.jpg);\"><\/div>\n                  <\/div>\n                                                              <div class=\"carousel-content__item swiper-slide\">\n                  \n                    <div class=\"carousel-content__item__img\" style=\"background-image:url(https:\/\/www.centraide-mtl.org\/wp-content\/uploads\/2024\/08\/2024_Centraide_OM_Mtl-Nord-22.jpg);\"><\/div>\n                  <\/div>\n                                                              <div class=\"carousel-content__item swiper-slide\">\n                  \n                    <div class=\"carousel-content__item__img\" style=\"background-image:url(https:\/\/www.centraide-mtl.org\/wp-content\/uploads\/2024\/08\/2024_Centraide_OM_Mtl-Nord-20.jpg);\"><\/div>\n                  <\/div>\n                                                              <div class=\"carousel-content__item swiper-slide\">\n                  \n                    <div class=\"carousel-content__item__img\" style=\"background-image:url(https:\/\/www.centraide-mtl.org\/wp-content\/uploads\/2024\/08\/2024_Centraide_OM_Mtl-Nord-18.jpg);\"><\/div>\n                  <\/div>\n                                                        <\/div>\n        <div class=\"swiper__footer\">\n          <div class=\"swiper__footer__page__title\">\n          <div class=\"swiper-pagination\"><\/div>\n                        <div class=\"carousel-content__title\">\n              <div class=\"swiper-wrapper swiper__footer__title\">\n                                                                                  <div class=\"swiper-slide slide__second\">  Photo 1<\/div>\n                                                                                              <div class=\"swiper-slide slide__second\">  Photo 2<\/div>\n                                                                                              <div class=\"swiper-slide slide__second\">  Photo 3<\/div>\n                                                                                              <div class=\"swiper-slide slide__second\">  Photo 4<\/div>\n                                                                                              <div class=\"swiper-slide slide__second\">  Photo 5<\/div>\n                                                                                              <div class=\"swiper-slide slide__second\">  Photo 6<\/div>\n                                                                                              <div class=\"swiper-slide slide__second\">  Photo 7<\/div>\n                                                                                              <div class=\"swiper-slide slide__second\">  Photo 8<\/div>\n                                                                                              <div class=\"swiper-slide slide__second\">  Photo 9<\/div>\n                                                                                              <div class=\"swiper-slide slide__second\">  Photo 10<\/div>\n                                                                                              <div class=\"swiper-slide slide__second\">  Photo 11<\/div>\n                                                                                              <div class=\"swiper-slide slide__second\">  Photo 12<\/div>\n                                                                                              <div class=\"swiper-slide slide__second\">  Photo 13<\/div>\n                                                                                              <div class=\"swiper-slide slide__second\">  Photo 14<\/div>\n                                                                                              <div class=\"swiper-slide slide__second\">  Photo 15<\/div>\n                                                                                              <div class=\"swiper-slide slide__second\">  Photo 16<\/div>\n                                                                                              <div class=\"swiper-slide slide__second\">  Photo 17<\/div>\n                                                                                              <div class=\"swiper-slide slide__second\">  Photo 18<\/div>\n                                                                                              <div class=\"swiper-slide slide__second\">  Photo 19<\/div>\n                                                                                                <\/div>\n              <\/div>\n                      <\/div>\n          \n          <!-- If we need navigation buttons -->\n          <div class=\"swiper__arrow\">\n            <div class=\"swiper-button-prev\"><\/div>\n            <div class=\"swiper-button-next\"><\/div>\n          <\/div>\n        <\/div>\n      <\/div>\n    <\/div>\n  <\/section>\n<\/div>\n\n\n\n<div class=\"wp-block-column is-layout-flow wp-block-column-is-layout-flow\" style=\"flex-basis:10%\"><\/div>\n<\/div>\n\n\n\n<div style=\"height:59px\" aria-hidden=\"true\" class=\"wp-block-spacer\"><\/div>\n\n\n\n<h3 class=\"wp-block-heading has-text-align-center is-style-little-title\">THANK YOU TO THE ORCHESTRE M\u00c9TROPOLITAIN AND ALL THE AGENCIES THAT CONTRIBUTED TO THE SUCCESS OF THIS EVENT.<\/h3>\n","protected":false},"excerpt":{"rendered":"<p>In celebration of its 50th anniversary, Centraide partnered with the Orchestre M\u00e9tropolitain (OM) to present three concerts from The OM Alfresco series in three Montreal neighborhoods: Saint-L\u00e9onard, Lachine, and Montr\u00e9al-Nord. These events aimed to make&hellip;<\/p>\n","protected":false},"author":8,"featured_media":73996,"comment_status":"closed","ping_status":"open","sticky":false,"template":"","format":"standard","meta":{"_acf_changed":false,"_relevanssi_hide_post":"","_relevanssi_hide_content":"","_relevanssi_pin_for_all":"","_relevanssi_pin_keywords":"","_relevanssi_unpin_keywords":"","_relevanssi_related_keywords":"","_relevanssi_related_include_ids":"","_relevanssi_related_exclude_ids":"","_relevanssi_related_no_append":"","_relevanssi_related_not_related":"","_relevanssi_related_posts":"52964,968,54000,1114,21129,43396","_relevanssi_noindex_reason":"","footnotes":""},"categories":[682],"tags":[740],"content-type":[705],"sector":[113,120,132],"class_list":["post-74003","post","type-post","status-publish","format-standard","has-post-thumbnail","hentry","category-neighbourhood-life","tag-neighbourhoods","content-type-videos-en","sector-montreal-nord","sector-lachine","sector-saint-leonard"],"acf":[],"publishpress_future_action":{"enabled":false,"date":"2026-05-09 03:07:46","action":"change-status","newStatus":"draft","terms":[],"taxonomy":"category","extraData":[]},"publishpress_future_workflow_manual_trigger":{"enabledWorkflows":[]},"_links":{"self":[{"href":"https:\/\/www.centraide-mtl.org\/en\/wp-json\/wp\/v2\/posts\/74003","targetHints":{"allow":["GET"]}}],"collection":[{"href":"https:\/\/www.centraide-mtl.org\/en\/wp-json\/wp\/v2\/posts"}],"about":[{"href":"https:\/\/www.centraide-mtl.org\/en\/wp-json\/wp\/v2\/types\/post"}],"author":[{"embeddable":true,"href":"https:\/\/www.centraide-mtl.org\/en\/wp-json\/wp\/v2\/users\/8"}],"replies":[{"embeddable":true,"href":"https:\/\/www.centraide-mtl.org\/en\/wp-json\/wp\/v2\/comments?post=74003"}],"version-history":[{"count":11,"href":"https:\/\/www.centraide-mtl.org\/en\/wp-json\/wp\/v2\/posts\/74003\/revisions"}],"predecessor-version":[{"id":74144,"href":"https:\/\/www.centraide-mtl.org\/en\/wp-json\/wp\/v2\/posts\/74003\/revisions\/74144"}],"wp:featuredmedia":[{"embeddable":true,"href":"https:\/\/www.centraide-mtl.org\/en\/wp-json\/wp\/v2\/media\/73996"}],"wp:attachment":[{"href":"https:\/\/www.centraide-mtl.org\/en\/wp-json\/wp\/v2\/media?parent=74003"}],"wp:term":[{"taxonomy":"category","embeddable":true,"href":"https:\/\/www.centraide-mtl.org\/en\/wp-json\/wp\/v2\/categories?post=74003"},{"taxonomy":"post_tag","embeddable":true,"href":"https:\/\/www.centraide-mtl.org\/en\/wp-json\/wp\/v2\/tags?post=74003"},{"taxonomy":"content-type","embeddable":true,"href":"https:\/\/www.centraide-mtl.org\/en\/wp-json\/wp\/v2\/content-type?post=74003"},{"taxonomy":"sector","embeddable":true,"href":"https:\/\/www.centraide-mtl.org\/en\/wp-json\/wp\/v2\/sector?post=74003"}],"curies":[{"name":"wp","href":"https:\/\/api.w.org\/{rel}","templated":true}]}}