{"id":52476,"date":"2022-11-22T09:06:56","date_gmt":"2022-11-22T14:06:56","guid":{"rendered":"https:\/\/www.centraide-mtl.org\/?p=52476"},"modified":"2022-11-22T11:38:10","modified_gmt":"2022-11-22T16:38:10","slug":"what-does-the-vital-signs-report-reveal-about-housing-in-montreal","status":"publish","type":"post","link":"https:\/\/www.centraide-mtl.org\/en\/blog\/what-does-the-vital-signs-report-reveal-about-housing-in-montreal\/","title":{"rendered":"What does the Vital Signs report reveal about housing in Montreal?"},"content":{"rendered":"\n<p>Since 2006, the Foundation of Greater Montreal has published the Vital Signs of Greater Montreal reports to inform, unite and engage the community around important social issues.<\/p>\n\n\n\n<p>In its latest issue, the Foundation partnered with Centraide of Greater Montreal and the Institut du Qu\u00e9bec to document the housing situation, a key factor in the fight against poverty.<\/p>\n\n\n\n<hr class=\"wp-block-separator has-alpha-channel-opacity is-style-dots\"\/>\n\n\n\n<h3 class=\"is-style-little-title wp-block-heading\"><strong><strong>Highlights<\/strong><\/strong><\/h3>\n\n\n\n<div style=\"height:35px\" aria-hidden=\"true\" class=\"wp-block-spacer\"><\/div>\n\n\n\n<div class=\"wp-block-columns are-vertically-aligned-center is-layout-flex wp-container-core-columns-is-layout-9d6595d7 wp-block-columns-is-layout-flex\">\n<div class=\"wp-block-column is-vertically-aligned-center is-layout-flow wp-block-column-is-layout-flow\" style=\"flex-basis:190px\"><div class=\"wp-block-image\">\n<figure class=\"alignright size-full is-resized\"><img decoding=\"async\" src=\"https:\/\/www.centraide-mtl.org\/wp-content\/uploads\/2022\/11\/1.mere-monoparentale.png\" alt=\"\" class=\"wp-image-52383\" width=\"85\" height=\"85\"\/><\/figure>\n<\/div><\/div>\n\n\n\n<div class=\"wp-block-column is-vertically-aligned-center is-layout-flow wp-block-column-is-layout-flow\" style=\"flex-basis:75%\">\n<p>The groups most affected by the challenges of high housing costs are low-income people, renter households, single parents, people living alone, people from visible minorities and immigrants.<\/p>\n<\/div>\n<\/div>\n\n\n\n<div class=\"wp-block-columns are-vertically-aligned-center is-layout-flex wp-container-core-columns-is-layout-9d6595d7 wp-block-columns-is-layout-flex\">\n<div class=\"wp-block-column is-vertically-aligned-center is-layout-flow wp-block-column-is-layout-flow\" style=\"flex-basis:190px\"><div class=\"wp-block-image\">\n<figure class=\"alignright size-full is-resized\"><img decoding=\"async\" src=\"https:\/\/www.centraide-mtl.org\/wp-content\/uploads\/2022\/11\/2.grand-montreal.png\" alt=\"\" class=\"wp-image-52385\" width=\"85\" height=\"85\"\/><\/figure>\n<\/div><\/div>\n\n\n\n<div class=\"wp-block-column is-vertically-aligned-center is-layout-flow wp-block-column-is-layout-flow\" style=\"flex-basis:75%\">\n<p>In fact, 71% of low-income people living in Greater Montreal live in housing they can&#8217;t afford, i.e., housing that costs over 30% of their income.<\/p>\n<\/div>\n<\/div>\n\n\n\n<div class=\"wp-block-columns are-vertically-aligned-center is-layout-flex wp-container-core-columns-is-layout-9d6595d7 wp-block-columns-is-layout-flex\">\n<div class=\"wp-block-column is-vertically-aligned-center is-layout-flow wp-block-column-is-layout-flow\" style=\"flex-basis:190px\"><div class=\"wp-block-image\">\n<figure class=\"alignright size-full is-resized\"><img decoding=\"async\" src=\"https:\/\/www.centraide-mtl.org\/wp-content\/uploads\/2022\/11\/3.frais-logements.png\" alt=\"\" class=\"wp-image-52387\" width=\"85\" height=\"85\"\/><\/figure>\n<\/div><\/div>\n\n\n\n<div class=\"wp-block-column is-vertically-aligned-center is-layout-flow wp-block-column-is-layout-flow\" style=\"flex-basis:75%\">\n<p>Housing expenses absorb over 80% of the budgets of 21% of low-income people on the Island of Montreal.&nbsp;<\/p>\n<\/div>\n<\/div>\n\n\n\n<div class=\"wp-block-columns are-vertically-aligned-center is-layout-flex wp-container-core-columns-is-layout-9d6595d7 wp-block-columns-is-layout-flex\">\n<div class=\"wp-block-column is-vertically-aligned-center is-layout-flow wp-block-column-is-layout-flow\" style=\"flex-basis:190px\"><div class=\"wp-block-image\">\n<figure class=\"alignright size-full is-resized\"><img decoding=\"async\" src=\"https:\/\/www.centraide-mtl.org\/wp-content\/uploads\/2022\/11\/4.marche-locatif-pression.png\" alt=\"\" class=\"wp-image-52390\" width=\"85\"\/><\/figure>\n<\/div><\/div>\n\n\n\n<div class=\"wp-block-column is-vertically-aligned-center is-layout-flow wp-block-column-is-layout-flow\" style=\"flex-basis:75%\">\n<p>The rental market is under great strain. Over the past five years, the average cost of housing in Greater Montreal has increased by 20%.<\/p>\n<\/div>\n<\/div>\n\n\n\n<div class=\"wp-block-columns are-vertically-aligned-center is-layout-flex wp-container-core-columns-is-layout-9d6595d7 wp-block-columns-is-layout-flex\">\n<div class=\"wp-block-column is-vertically-aligned-center is-layout-flow wp-block-column-is-layout-flow\" style=\"flex-basis:190px\"><div class=\"wp-block-image\">\n<figure class=\"alignright size-full is-resized\"><img decoding=\"async\" src=\"https:\/\/www.centraide-mtl.org\/wp-content\/uploads\/2022\/11\/5.grands-logements.png\" alt=\"\" class=\"wp-image-52392\" width=\"85\" height=\"77\"\/><\/figure>\n<\/div><\/div>\n\n\n\n<div class=\"wp-block-column is-vertically-aligned-center is-layout-flow wp-block-column-is-layout-flow\" style=\"flex-basis:75%\">\n<p>Larger two- and three-bedroom units for families are also particularly hard to come by. Their vacancy rate is 2.1%, which is well below the equilibrium rate of 3%. (The lower the vacancy rate, the fewer units available on the market.)<\/p>\n<\/div>\n<\/div>\n\n\n\n<div style=\"height:100px\" aria-hidden=\"true\" class=\"wp-block-spacer\"><\/div>\n\n\n\n<h3 class=\"is-style-little-title wp-block-heading\"><strong><strong>Finding concrete solutions<\/strong><\/strong><\/h3>\n\n\n\n<p>The Vital Signs report on housing is an essential ingredient in Centraide\u2019s efforts to mobilize many partners who are concerned about Greater Montreal\u2019s housing situation and want to help the territory emerge from this crisis. These efforts will culminate in a working meeting next spring to identify concrete avenues for solutions.<\/p>\n\n\n\n<div style=\"height:57px\" aria-hidden=\"true\" class=\"wp-block-spacer\"><\/div>\n\n\n<div class=\"wp-block-image\">\n<figure class=\"aligncenter size-full is-resized\"><img decoding=\"async\" src=\"https:\/\/www.centraide-mtl.org\/wp-content\/uploads\/2022\/05\/Separateur_corpo_1-1.png\" alt=\"S\u00e9parateur bonhommes Centraide\" class=\"wp-image-44527\" width=\"422\" height=\"59\" srcset=\"https:\/\/www.centraide-mtl.org\/wp-content\/uploads\/2022\/05\/Separateur_corpo_1-1.png 609w, https:\/\/www.centraide-mtl.org\/wp-content\/uploads\/2022\/05\/Separateur_corpo_1-1-300x42.png 300w\" sizes=\"(max-width: 422px) 100vw, 422px\" \/><\/figure>\n<\/div>\n\n\n<div style=\"height:58px\" aria-hidden=\"true\" class=\"wp-block-spacer\"><\/div>\n\n\n\n<h3 class=\"is-style-little-title wp-block-heading\"><strong><strong>Working group on housing<\/strong><\/strong><\/h3>\n\n\n<div class=\"wp-block-list\">\n<ul class=\"wp-block-list\"><li>Concertation Horizon<\/li><li>Foundation of Greater Montreal<\/li><li>Projets autochtones du Qu\u00e9bec<\/li><li>Public health departments of Montreal, Laval and Mont\u00e9r\u00e9gie<\/li><li>Regroupement des comit\u00e9s logement et associations des locataires du Qu\u00e9bec<\/li><li>ROMEL (Regroupement des organismes du Montr\u00e9al ethnique pour le logement)<\/li><li>The cities of Montreal, Laval and Longueuil<\/li><li>The Neighbourhood Round Tables Coalition<\/li><li>Universit\u00e9 du Qu\u00e9bec \u00e0 Montr\u00e9al<\/li><\/ul>\n<\/div>\n\n\n<div style=\"height:51px\" aria-hidden=\"true\" class=\"wp-block-spacer\"><\/div>\n\n\n\n<section id=\"block_467760ed02d12dda5f911fdd269d5e3e\" class=\"block-repertoire alignwide\">\n  <div class=\"repertoire__wrapper\">\n    <div class=\"repertoire__inner\">\n      <div class=\"repertoire__content entry-content\">\n        <h3 style=\"text-align: left\"><strong>Vital Signs on housing in Greater Montreal<\/strong><\/h3>\n      <\/div>\n              <div class=\"repertoire__file\">\n          <a class=\"btn repertoire__file__btn\" href=\"https:\/\/www.centraide-mtl.org\/wp-content\/uploads\/2022\/11\/Vital_signs_Report_2022.pdf\">\n            Consult online          <\/a>\n          <div class=\"repertoire__download__pdf\">\n            <i class=\"icon icon-pdf\"><\/i>\n            <a class=\"publication__item__download__link\" href=\"https:\/\/www.centraide-mtl.org\/wp-content\/uploads\/2022\/11\/Vital_signs_Report_2022.pdf\" download>\n              Download            <\/a>\n          <\/div>\n        <\/div>\n          <\/div>\n\n    <div class=\"repertoire__img\">\n      <img decoding=\"async\" src=\"https:\/\/www.centraide-mtl.org\/wp-content\/uploads\/2022\/11\/Visuel-rapport-signes-vitaux-EN-300x433.jpg\" alt=\"Visuel moteur Rapport Signes vitaux anglais\" width=\"300\" height=\"433\" class=\"repertoire__feature__img\">    <\/div>\n  <\/div>\n<\/section>\n","protected":false},"excerpt":{"rendered":"<p>Since 2006, the Foundation of Greater Montreal has published the Vital Signs of Greater Montreal reports to inform, unite and engage the community around important social issues. In its latest issue, the Foundation partnered with&hellip;<\/p>\n","protected":false},"author":8,"featured_media":52432,"comment_status":"closed","ping_status":"open","sticky":false,"template":"","format":"standard","meta":{"_acf_changed":false,"_relevanssi_hide_post":"","_relevanssi_hide_content":"","_relevanssi_pin_for_all":"","_relevanssi_pin_keywords":"","_relevanssi_unpin_keywords":"","_relevanssi_related_keywords":"","_relevanssi_related_include_ids":"","_relevanssi_related_exclude_ids":"","_relevanssi_related_no_append":"","_relevanssi_related_not_related":"","_relevanssi_related_posts":"21154,40703,47957,21122,45257,21050","_relevanssi_noindex_reason":"","footnotes":""},"categories":[663,693],"tags":[],"content-type":[493],"sector":[30,31,32,774],"class_list":["post-52476","post","type-post","status-publish","format-standard","has-post-thumbnail","hentry","category-essential-needs","category-projects-and-partnerships","content-type-articles-en","sector-laval","sector-rive-sud","sector-hors-territoire","sector-mrc-roussillon"],"acf":[],"publishpress_future_action":{"enabled":false,"date":"2026-05-07 10:07:31","action":"change-status","newStatus":"draft","terms":[],"taxonomy":"category","extraData":[]},"publishpress_future_workflow_manual_trigger":{"enabledWorkflows":[]},"_links":{"self":[{"href":"https:\/\/www.centraide-mtl.org\/en\/wp-json\/wp\/v2\/posts\/52476","targetHints":{"allow":["GET"]}}],"collection":[{"href":"https:\/\/www.centraide-mtl.org\/en\/wp-json\/wp\/v2\/posts"}],"about":[{"href":"https:\/\/www.centraide-mtl.org\/en\/wp-json\/wp\/v2\/types\/post"}],"author":[{"embeddable":true,"href":"https:\/\/www.centraide-mtl.org\/en\/wp-json\/wp\/v2\/users\/8"}],"replies":[{"embeddable":true,"href":"https:\/\/www.centraide-mtl.org\/en\/wp-json\/wp\/v2\/comments?post=52476"}],"version-history":[{"count":20,"href":"https:\/\/www.centraide-mtl.org\/en\/wp-json\/wp\/v2\/posts\/52476\/revisions"}],"predecessor-version":[{"id":52569,"href":"https:\/\/www.centraide-mtl.org\/en\/wp-json\/wp\/v2\/posts\/52476\/revisions\/52569"}],"wp:featuredmedia":[{"embeddable":true,"href":"https:\/\/www.centraide-mtl.org\/en\/wp-json\/wp\/v2\/media\/52432"}],"wp:attachment":[{"href":"https:\/\/www.centraide-mtl.org\/en\/wp-json\/wp\/v2\/media?parent=52476"}],"wp:term":[{"taxonomy":"category","embeddable":true,"href":"https:\/\/www.centraide-mtl.org\/en\/wp-json\/wp\/v2\/categories?post=52476"},{"taxonomy":"post_tag","embeddable":true,"href":"https:\/\/www.centraide-mtl.org\/en\/wp-json\/wp\/v2\/tags?post=52476"},{"taxonomy":"content-type","embeddable":true,"href":"https:\/\/www.centraide-mtl.org\/en\/wp-json\/wp\/v2\/content-type?post=52476"},{"taxonomy":"sector","embeddable":true,"href":"https:\/\/www.centraide-mtl.org\/en\/wp-json\/wp\/v2\/sector?post=52476"}],"curies":[{"name":"wp","href":"https:\/\/api.w.org\/{rel}","templated":true}]}}