{"id":20590,"date":"2021-02-19T13:14:48","date_gmt":"2021-02-19T18:14:48","guid":{"rendered":"http:\/\/www.centraide-mtl.org\/en\/blog\/accueillir-la-diversite\/"},"modified":"2021-05-06T09:26:33","modified_gmt":"2021-05-06T13:26:33","slug":"welcoming-diversity","status":"publish","type":"post","link":"https:\/\/www.centraide-mtl.org\/en\/blog\/welcoming-diversity\/","title":{"rendered":"Welcoming diversity for a workplace that reflects Greater Montreal"},"content":{"rendered":"\n<p>Focused on representing the Greater Montreal community and determined to be enriched by diversity, Centraide has an equal employment opportunity program for groups susceptible to hiring discrimination, including: members of visible and ethnic minorities, people with disabilities, Indigenous peoples, and women. Centraide aims to hire candidates in these groups, and warmly invites them to apply..<\/p>\n\n\n<div class=\"wp-block-list\">\n<ul class=\"wp-block-list\"><li><strong><strong>Visible minoritie<\/strong>s<\/strong>:\u00a0People, other than Indigenous peoples, who are non-Caucasian in race and non-White in colour.<\/li><li><strong style=\"font-weight: bold;\">Ethnic minorities<\/strong>:<strong>\u00a0<\/strong>People whose native language is neither French nor English, and who are neither Indigenous nor a visible minority.<\/li><li><strong><strong>People with disabilities<\/strong><\/strong>: All people with an impairment that causes significant and chronic disability and who may encounter obstacles in the performance of everyday activities.<\/li><li><strong><strong>Indigenous peoples<\/strong><\/strong>: First Nations, Inuit or M\u00e9tis.<\/li><\/ul>\n<\/div>","protected":false},"excerpt":{"rendered":"<p>Soucieux d\u2019\u00eatre repr\u00e9sentatif de la communaut\u00e9 du Grand Montr\u00e9al et d\u00e9termin\u00e9 \u00e0 s\u2019enrichir de sa diversit\u00e9, Centraide applique un programme d\u2019acc\u00e8s \u00e0 l\u2019\u00e9galit\u00e9.<\/p>\n","protected":false},"author":8,"featured_media":23435,"comment_status":"closed","ping_status":"open","sticky":false,"template":"","format":"standard","meta":{"_acf_changed":false,"_relevanssi_hide_post":"","_relevanssi_hide_content":"","_relevanssi_pin_for_all":"","_relevanssi_pin_keywords":"","_relevanssi_unpin_keywords":"","_relevanssi_related_keywords":"","_relevanssi_related_include_ids":"","_relevanssi_related_exclude_ids":"","_relevanssi_related_no_append":"","_relevanssi_related_not_related":"","_relevanssi_related_posts":"6200,932,19751,5967,6172,927","_relevanssi_noindex_reason":"","footnotes":""},"categories":[658],"tags":[675,677],"content-type":[],"sector":[],"class_list":["post-20590","post","type-post","status-publish","format-standard","has-post-thumbnail","hentry","category-masque-en","tag-refugees-and-newcomers","tag-handicap"],"acf":[],"publishpress_future_action":{"enabled":false,"date":"2026-05-07 09:01:41","action":"change-status","newStatus":"draft","terms":[],"taxonomy":"category","extraData":[]},"publishpress_future_workflow_manual_trigger":{"enabledWorkflows":[]},"_links":{"self":[{"href":"https:\/\/www.centraide-mtl.org\/en\/wp-json\/wp\/v2\/posts\/20590","targetHints":{"allow":["GET"]}}],"collection":[{"href":"https:\/\/www.centraide-mtl.org\/en\/wp-json\/wp\/v2\/posts"}],"about":[{"href":"https:\/\/www.centraide-mtl.org\/en\/wp-json\/wp\/v2\/types\/post"}],"author":[{"embeddable":true,"href":"https:\/\/www.centraide-mtl.org\/en\/wp-json\/wp\/v2\/users\/8"}],"replies":[{"embeddable":true,"href":"https:\/\/www.centraide-mtl.org\/en\/wp-json\/wp\/v2\/comments?post=20590"}],"version-history":[{"count":3,"href":"https:\/\/www.centraide-mtl.org\/en\/wp-json\/wp\/v2\/posts\/20590\/revisions"}],"predecessor-version":[{"id":26438,"href":"https:\/\/www.centraide-mtl.org\/en\/wp-json\/wp\/v2\/posts\/20590\/revisions\/26438"}],"wp:featuredmedia":[{"embeddable":true,"href":"https:\/\/www.centraide-mtl.org\/en\/wp-json\/wp\/v2\/media\/23435"}],"wp:attachment":[{"href":"https:\/\/www.centraide-mtl.org\/en\/wp-json\/wp\/v2\/media?parent=20590"}],"wp:term":[{"taxonomy":"category","embeddable":true,"href":"https:\/\/www.centraide-mtl.org\/en\/wp-json\/wp\/v2\/categories?post=20590"},{"taxonomy":"post_tag","embeddable":true,"href":"https:\/\/www.centraide-mtl.org\/en\/wp-json\/wp\/v2\/tags?post=20590"},{"taxonomy":"content-type","embeddable":true,"href":"https:\/\/www.centraide-mtl.org\/en\/wp-json\/wp\/v2\/content-type?post=20590"},{"taxonomy":"sector","embeddable":true,"href":"https:\/\/www.centraide-mtl.org\/en\/wp-json\/wp\/v2\/sector?post=20590"}],"curies":[{"name":"wp","href":"https:\/\/api.w.org\/{rel}","templated":true}]}}