{"id":71148,"date":"2024-04-24T12:28:31","date_gmt":"2024-04-24T16:28:31","guid":{"rendered":"https:\/\/www.centraide-mtl.org\/?post_type=medianews&#038;p=71148"},"modified":"2024-04-24T12:29:56","modified_gmt":"2024-04-24T16:29:56","slug":"the-om-alfresco","status":"publish","type":"medianews","link":"https:\/\/www.centraide-mtl.org\/en\/media\/the-om-alfresco\/","title":{"rendered":"The OM Alfresco"},"content":{"rendered":"\n<h4 class=\"wp-block-heading has-text-align-center is-style-little-title\"><strong>Dancing in the park with the OM and Centraide<\/strong><\/h4>\n\n\n\n<p><strong>Montr\u00e9al, April 23, 2024<\/strong> \u2013 This year, to celebrate the 50th anniversary of <strong>Centraide of Greater Montreal<\/strong>, the <strong>Orchestre M\u00e9tropolitain<\/strong> is joining forces with the organization to offer free concerts to residents of three boroughs.<\/p>\n\n\n\n<hr class=\"wp-block-separator has-alpha-channel-opacity is-style-dots\"\/>\n\n\n\n<p>The concerts will take place at Parc Wilfrid-Bastien in <strong>Saint-L\u00e9onard <\/strong>on July 9, Parc LaSalle in <strong>Lachine<\/strong> on July 10 and Parc Pilon in <strong>Montr\u00e9al-Nord<\/strong> on July 13, all at 7:30 p.m., and will be hosted by Vanessa Destin\u00e9. These events will be among the many celebrations held during an exceptional year for Centraide of Greater Montreal, commemorating five decades of solidarity, generosity, and social impact.<\/p>\n\n\n\n<p>This anniversary will be marked by activities that showcase the organization\u2019s history, presence and community engagement. \u201cIn the Greater Montreal area, some 315,000 people are grappling with limited financial resources and can\u2019t afford to take any time to themselves. <a href=\"https:\/\/www.centraide-mtl.org\/en\/financial-anxiety-index\/\" target=\"_blank\" rel=\"noreferrer noopener\">According to a study<\/a>, over one-third of the population says they have had to reduce their leisure time due to the increased cost of living,\u201d said Claude Pinard, President and Executive Director of Centraide of Greater Montreal. \u201cTo celebrate our 50th anniversary, we want to give people of all ages the chance to enjoy themselves at an open-air concert. Our goal is to provide them with a memorable experience through music.\u201d<\/p>\n\n\n\n<p>There will be a festive atmosphere and a musical program featuring international dance music spanning the ages. In one evening, you\u2019ll be transported from the Viennese Court with a waltz by Strauss to a Romani wagon with Brahms\u2019s Hungarian Dances and under the Spanish sun with Manuel De Falla. Then you\u2019ll be taken to the streets of New York City with Bernstein and back to the Qu\u00e9b\u00e9cois countryside with a dance by Claude Champagne.<\/p>\n\n\n\n<p>This musical program weaves together diverse cultures, painting a portrait where each piece and nation has its own colour. The love of music and dance crosses borders, bringing together people from all backgrounds, just as this concert welcomes families and neighbours to a local park for an unforgettable summer night.<\/p>\n\n\n\n<div style=\"height:20px\" aria-hidden=\"true\" class=\"wp-block-spacer\"><\/div>\n\n\n\n<p><strong>A tremendous conductore cheffe \u00e9patante<\/strong><\/p>\n\n\n\n<p>The charismatic <strong>Naomi Woo<\/strong> will be back on the podium for this concert series. The OM\u2019s artistic partner won over audiences during open-air concerts in 2023 and will surely get people dancing this summer with her infectious enthusiasm.<\/p>\n\n\n\n<p>A member of the first cohort of the OM\u2019s Orchestral Conducting Academy, Naomi was selected by Yannick N\u00e9zet-S\u00e9guin in 2023 as the orchestra\u2019s new artistic partner. <\/p>\n\n\n\n<p>She will also act as his assistant conductor for the Philadelphia Orchestra starting in the 2024\u201325 season and has been named music director of the National Youth Orchestra of Canada.<\/p>\n\n\n\n<div style=\"height:20px\" aria-hidden=\"true\" class=\"wp-block-spacer\"><\/div>\n\n\n\n<p><strong>Festive atmosphere<\/strong><\/p>\n\n\n\n<p>You don\u2019t need to be a music expert or dressed to the nines to enjoy these free concerts. On the contrary! Bring a picnic for the family, let the kids run around and wear your favourite Hawaiian shirt \u2026 Outdoor concerts were meant to be as accessible as possible.<\/p>\n\n\n\n<p>As the concerts take place outside, they are subject to cancellation due to weather conditions. This will only happen if rain or the risk of thunderstorms prevents the musicians from playing safely. In this event, the concert will not be moved to another date.<\/p>\n\n\n\n<div style=\"height:20px\" aria-hidden=\"true\" class=\"wp-block-spacer\"><\/div>\n\n\n\n<p><strong>The OM Alfresco &#8211; From July 9 to 13, 2024<\/strong><br><strong>Presented by<\/strong> <strong>par Centraide of Greater Montreal<\/strong><\/p>\n\n\n<div class=\"wp-block-list\">\n<ul class=\"wp-block-list\">\n<li>Saint-L\u00e9onard, Parc Wilfrid-Bastien, Tuesday, July 9, 7:30 p.m.<\/li>\n\n\n\n<li>Lachine, Parc LaSalle, Wednesday, July 10, 7:30 p.m.<\/li>\n\n\n\n<li>Montr\u00e9al-Nord, Parc Pilon, Saturday, July 13, 7:30 p.m.<\/li>\n<\/ul>\n<\/div>\n\n\n<p><strong>On the program<\/strong><\/p>\n\n\n<div class=\"wp-block-list\">\n<ul class=\"wp-block-list\">\n<li>Johann STRAUSS &#8211; Kaiser-Walzer<\/li>\n\n\n\n<li><em>Antonin DVORAK &#8211; <\/em>Slavonic Dances, Op. 46. No. 3<\/li>\n\n\n\n<li>Johannes BRAHMS<em> &#8211; <\/em>Hungarian Dance No. 5<\/li>\n\n\n\n<li>Mel BONIS<em> &#8211; <\/em>Danse sacr\u00e9e<\/li>\n\n\n\n<li>George BIZET<em> &#8211; <\/em> Carmen Suite No. 1<\/li>\n\n\n\n<li>Claude CHAMPAGNE<em> &#8211; <\/em>Danse villageoise<\/li>\n\n\n\n<li>Leonard BERNSTEIN<em> &#8211; <\/em>Three Dances from \u00ab&nbsp;Fancy Free&nbsp;\u00bb<\/li>\n\n\n\n<li>Florence PRICE<em> &#8211; <\/em>Dances in the Canebrakes<\/li>\n\n\n\n<li>Manuel DE FALLA<em> &#8211; <\/em>El sombrero de tres picos, Suite n<sup>o<\/sup> 1<\/li>\n\n\n\n<li>Silvestre REVUELTAS<em> &#8211; <\/em> Janitzio<\/li>\n<\/ul>\n<\/div>\n\n\n<p>Conducted by <strong>Naomi Woo<\/strong><br>Hosted by <strong>Vanessa Destin\u00e9<\/strong><\/p>\n\n\n\n<div style=\"height:20px\" aria-hidden=\"true\" class=\"wp-block-spacer\"><\/div>\n\n\n\n<p><strong>About Centraide of Greater Montreal\u00a0<\/strong><\/p>\n\n\n\n<p>Centraide of Greater Montreal will celebrate its 50th anniversary until August 2024. A full range of activities have been planned in the coming weeks to mark the occasion. For more information, visit: <a href=\"https:\/\/www.centraide-mtl.org\/en\/50th\/\">centraide-mtl.org\/en\/50th<\/a><\/p>\n\n\n\n<p>A true agent of change, Centraide of Greater Montreal is a public foundation whose mission is to bring people together and take action for an inclusive and poverty-free Greater Montreal. To achieve this goal, it supports a network of 375 community agencies and projects in Laval, in Montreal and on the South Shore that improve the living conditions of vulnerable people. Centraide works with the Greater Montreal population and with communities, businesses, institutions and philanthropic organizations. Its history dates back 50 years, when five charities merged into one entity. In 2023, Centraide invested $61.8 million in the community, which represents over 86% of the money raised. Every year, nearly 800,000 people benefit from the help of the agencies that it supports.<\/p>\n\n\n\n<div style=\"height:20px\" aria-hidden=\"true\" class=\"wp-block-spacer\"><\/div>\n\n\n\n<p><strong>About the Orchestre M\u00e9tropolitain<\/strong><\/p>\n\n\n\n<p>A key Qu\u00e9b\u00e9cois cultural ambassador, the Orchestre M\u00e9tropolitain (the OM for those in the know) has created a unique relationship with the public through its initiatives driven by excellence and emotion. Whether the OM is performing at the Maison symphonique de Montr\u00e9al or in the city\u2019s boroughs as part of the Conseil des Arts de Montr\u00e9al Touring Program, each concert is an opportunity for our music to resonate with the audience.<\/p>\n\n\n\n<p>For 25 years, the OM has grown alongside its Artistic Director and Principal Conductor Yannick N\u00e9zet-S\u00e9guin to develop a bold, modern and timely offer. This shared vision has led the conductor and his orchestra to sign a lifetime contract, a rare commitment in the history of classical music, giving them the chance to develop a unique, distinct personality full of intention.<\/p>\n\n\n\n<p>Yannick N\u00e9zet-S\u00e9guin\u2019s flourishing international career has had a positive impact on the OM, bringing the ensemble to some of the world\u2019s greatest stages (Concertgebouw in Amsterdam, Philharmonie de Paris, Verizon Hall in Philadelphia) with a European tour in 2017, followed by a US tour in 2019. Invited back to Carnegie Hall in spring 2024, the ensemble took this opportunity to organize a tour of three American cities (New York, Philadelphia and Worcester) and is planning a second European tour for 2025. The orchestra has capitalized on each of these opportunities to promote the talent of local composers and musicians across the globe.<\/p>\n\n\n\n<p>From its founding in 1981, the OM\u2019s mission has been to introduce children to music, foster a passion for music among young people and support emerging musicians. Thanks to its many cultural and educational initiatives like its in-school activities, the OMNI Music Competition and the Orchestral Conducting Academy, which gives Yannick N\u00e9zet-S\u00e9guin the chance to pass down his craft to the next generation of conductors, the orchestra has built a strong relationship with community members of all ages.<br><\/p>\n\n\n\n<p>The OM in numbers:<\/p>\n\n\n<div class=\"wp-block-list\">\n<ul class=\"wp-block-list\">\n<li>42 years of music<\/li>\n\n\n\n<li>21 albums<\/li>\n\n\n\n<li>15 Opus and 7\u00a0F\u00e9lix awards<\/li>\n\n\n\n<li>14 international concerts<\/li>\n\n\n\n<li>1,268 ovations, each just as memorable as the last<\/li>\n<\/ul>\n<\/div>\n\n\n<p>Discover the 2024\u201325 season, <a href=\"https:\/\/www.youtube.com\/watch?v=GGGusarzWj8 https:\/\/orchestremetropolitain.com\/wp-content\/uploads\/2024\/04\/OM2425_BROCHURE_75x11po_web_v3_compressed.pdf\" target=\"_blank\" rel=\"noopener\">click here.<\/a><\/p>\n","protected":false},"featured_media":71157,"template":"","class_list":["post-71148","medianews","type-medianews","status-publish","has-post-thumbnail","hentry"],"acf":[],"publishpress_future_workflow_manual_trigger":{"enabledWorkflows":[]},"_links":{"self":[{"href":"https:\/\/www.centraide-mtl.org\/en\/wp-json\/wp\/v2\/medianews\/71148","targetHints":{"allow":["GET"]}}],"collection":[{"href":"https:\/\/www.centraide-mtl.org\/en\/wp-json\/wp\/v2\/medianews"}],"about":[{"href":"https:\/\/www.centraide-mtl.org\/en\/wp-json\/wp\/v2\/types\/medianews"}],"wp:featuredmedia":[{"embeddable":true,"href":"https:\/\/www.centraide-mtl.org\/en\/wp-json\/wp\/v2\/media\/71157"}],"wp:attachment":[{"href":"https:\/\/www.centraide-mtl.org\/en\/wp-json\/wp\/v2\/media?parent=71148"}],"curies":[{"name":"wp","href":"https:\/\/api.w.org\/{rel}","templated":true}]}}