{"id":22932,"date":"2020-03-27T00:00:00","date_gmt":"2020-03-27T04:00:00","guid":{"rendered":"http:\/\/www.centraide-mtl.org\/media-news\/emergency-fund-over-5m-date\/"},"modified":"2021-05-17T11:08:43","modified_gmt":"2021-05-17T15:08:43","slug":"emergency-fund-over-5m-date","status":"publish","type":"medianews","link":"https:\/\/www.centraide-mtl.org\/en\/media\/emergency-fund-over-5m-date\/","title":{"rendered":"Emergency Fund: over $5M to date"},"content":{"rendered":"<h4>$5M raised for Centraide of Greater Montreal\u2019s\u00a0COVID-19 Emergency Fund<\/h4>\n<p><strong>Montreal, March 27, 2020 \u2014<\/strong> Centraide of Greater Montreal\u2019s COVID-19 Emergency Fund to help vulnerable people has raised over $5M to date.<\/p>\n<p>Despite our collective uncertainty, the community has come through with incredible generosity, as have many organizations who are concerned about this situation: BMO Bank of Montreal, City of Boucherville, Cogeco, Delon Laboratories, Desjardins, \u00c9nergir, Fonds de solidarit\u00e9 FTQ, Hydro-Qu\u00e9bec, iA Financial Group, Keywords Studios, McKesson Canada, METRO, National Bank of Canada, Omega Laboratories, Pfizer Canada, Power Corporation, Resolute Forest Products, Sun Life, Ville de Laval, and the Ville de Montr\u00e9al and its boroughs.<\/p>\n<p>Since launching the fund, Centraide has received over 140 requests from community agencies and has approved 29 of them, for an amount of over $314,000. Some agencies received their disbursements just 48 hours after their initial request. We are urgently processing agency requests every day. Needs are great, and our agencies are working extremely hard to meet them with their usual commitment and capability.<\/p>\n<p>\u201cI would like to thank the organizations, companies and individuals who have contributed to the Emergency Fund so far, along with all workers who are providing essential services. Although many regular activities have been suspended, services are being maintained or reorganized to meet changing and growing needs. As we have stated on a few occasions, we are committed to allocating all the money we raise to agencies as quickly as possible,\u201d said<strong> Lili-Anna Pere\u0161a, President and Executive Director of Centraide of Greater Montreal.<\/strong><\/p>\n<p>For the organizations that have partnered with the Emergency Fund, <a href=\"https:\/\/www.centraide-mtl.org\/en\/covid-19-response\/centraide-covid-19-emergency-fund\/\">click here<\/a> and for the community agencies that have received support from the fund, <a href=\"https:\/\/www.centraide-mtl.org\/en\/covid-19-response\/centraide-covid-19-emergency-fund\/\">click here.<\/a><\/p>\n<p>Residents of Montreal, Laval and the South Shore who are financially able to contribute can make donations to the COVID-19 Emergency Fund by <strong>going to Centraide of Greater Montreal\u2019s website\u00a0or<\/strong> <strong>by texting COVID to 80100.<\/strong><\/p>\n<p>Centraide of Greater Montreal is active in the territories of Laval, Montreal and the South Shore. Vulnerable people who don\u2019t know where to turn for help can call 211 or visit <a href=\"https:\/\/www.211qc.ca\/\" target=\"_blank\" rel=\"noopener\">211.qc.ca<\/a> for referrals to the best resources for their needs. For more information, visit centraide-mtl.org, follow us on social media (Facebook, Twitter and LinkedIn) or subscribe to our newsletter.<\/p>\n","protected":false},"featured_media":23381,"template":"","class_list":["post-22932","medianews","type-medianews","status-publish","has-post-thumbnail","hentry"],"acf":[],"publishpress_future_workflow_manual_trigger":{"enabledWorkflows":[]},"_links":{"self":[{"href":"https:\/\/www.centraide-mtl.org\/en\/wp-json\/wp\/v2\/medianews\/22932","targetHints":{"allow":["GET"]}}],"collection":[{"href":"https:\/\/www.centraide-mtl.org\/en\/wp-json\/wp\/v2\/medianews"}],"about":[{"href":"https:\/\/www.centraide-mtl.org\/en\/wp-json\/wp\/v2\/types\/medianews"}],"wp:featuredmedia":[{"embeddable":true,"href":"https:\/\/www.centraide-mtl.org\/en\/wp-json\/wp\/v2\/media\/23381"}],"wp:attachment":[{"href":"https:\/\/www.centraide-mtl.org\/en\/wp-json\/wp\/v2\/media?parent=22932"}],"curies":[{"name":"wp","href":"https:\/\/api.w.org\/{rel}","templated":true}]}}